{"id":27502,"date":"2023-01-13T15:10:40","date_gmt":"2023-01-13T14:10:40","guid":{"rendered":"https:\/\/whalesanddolphins.tethys.org\/?p=27502"},"modified":"2023-01-13T15:10:40","modified_gmt":"2023-01-13T14:10:40","slug":"avvistamenti-dal-mare-e-dal-cielo-la-stagione-di-campo-2022-in-liguria","status":"publish","type":"post","link":"https:\/\/whalesanddolphins.tethys.org\/it\/avvistamenti-dal-mare-e-dal-cielo-la-stagione-di-campo-2022-in-liguria\/","title":{"rendered":"Avvistamenti dal mare e dal cielo: la stagione di campo 2022 in Liguria"},"content":{"rendered":"<div  class='flex_column av-av_one_full-7714eba142aeda1f8b5272a3c372b279 av_one_full  avia-builder-el-0  el_before_av_one_full  avia-builder-el-first  first flex_column_div  '     ><div  class='avia-slideshow av-lculjhui-e44b4f21071aa20f1867fb74f07a795b avia-slideshow-featured_large av_slideshow avia-slide-slider  avia-builder-el-1  avia-builder-el-no-sibling  av-slideshow-ui av-control-default av-slideshow-manual av-loop-once av-loop-manual-endless av-default-height-applied avia-slideshow-1' data-slideshow-options=\"{&quot;animation&quot;:&quot;slide&quot;,&quot;autoplay&quot;:false,&quot;loop_autoplay&quot;:&quot;once&quot;,&quot;interval&quot;:5,&quot;loop_manual&quot;:&quot;manual-endless&quot;,&quot;autoplay_stopper&quot;:false,&quot;noNavigation&quot;:false,&quot;bg_slider&quot;:false,&quot;keep_padding&quot;:false,&quot;hoverpause&quot;:false,&quot;show_slide_delay&quot;:0}\"  itemprop=\"image\" itemscope=\"itemscope\" itemtype=\"https:\/\/schema.org\/ImageObject\" ><ul class='avia-slideshow-inner ' style='padding-bottom: 42%;'><li  class='avia-slideshow-slide av-lculjhui-e44b4f21071aa20f1867fb74f07a795b__0  av-single-slide slide-1 slide-odd'><div data-rel='slideshow-1' class='avia-slide-wrap '   ><img decoding=\"async\" fetchpriority=\"high\" class=\"wp-image-26533 avia-img-lazy-loading-not-26533\"  src=\"https:\/\/whalesanddolphins.tethys.org\/wp-content\/uploads\/2022\/03\/Physeter-macrocephalus_L.-Lodigiani_Tethys-1500x630.jpg\" width=\"1500\" height=\"630\" title='Physeter macrocephalus_L. Lodigiani_Tethys' alt=''  itemprop=\"thumbnailUrl\"   \/><\/div><\/li><\/ul><\/div><\/div>\n<style type=\"text\/css\" data-created_by=\"avia_inline_auto\" id=\"style-css-av-3lpu0jy-03d2cc1c9113b461976af32695222489\">\n.flex_column.av-3lpu0jy-03d2cc1c9113b461976af32695222489{\nborder-radius:0px 0px 0px 0px;\npadding:0px 0px 0px 0px;\n}\n<\/style>\n<div  class='flex_column av-3lpu0jy-03d2cc1c9113b461976af32695222489 av_one_full  avia-builder-el-2  el_after_av_one_full  el_before_av_one_full  first flex_column_div av-zero-column-padding  column-top-margin'     ><style type=\"text\/css\" data-created_by=\"avia_inline_auto\" id=\"style-css-av-lcul0zcx-3c950918efe65a2a37d46bf2bf533910\">\n#top .av-special-heading.av-lcul0zcx-3c950918efe65a2a37d46bf2bf533910{\npadding-bottom:10px;\n}\nbody .av-special-heading.av-lcul0zcx-3c950918efe65a2a37d46bf2bf533910 .av-special-heading-tag .heading-char{\nfont-size:25px;\n}\n.av-special-heading.av-lcul0zcx-3c950918efe65a2a37d46bf2bf533910 .av-subheading{\nfont-size:15px;\n}\n<\/style>\n<div  class='av-special-heading av-lcul0zcx-3c950918efe65a2a37d46bf2bf533910 av-special-heading-h1  avia-builder-el-3  avia-builder-el-no-sibling '><h1 class='av-special-heading-tag '  itemprop=\"headline\"  >Avvistamenti dal mare e dal cielo: la stagione di campo 2022 in Liguria<\/h1><div class=\"special-heading-border\"><div class=\"special-heading-inner-border\"><\/div><\/div><\/div><\/div><\/p>\n\n<style type=\"text\/css\" data-created_by=\"avia_inline_auto\" id=\"style-css-av-32i8w9a-6333b28fe8b886a67041e90bb0a4f4a2\">\n.flex_column.av-32i8w9a-6333b28fe8b886a67041e90bb0a4f4a2{\nborder-radius:0px 0px 0px 0px;\npadding:0px 0px 0px 0px;\n}\n<\/style>\n<div  class='flex_column av-32i8w9a-6333b28fe8b886a67041e90bb0a4f4a2 av_one_full  avia-builder-el-4  el_after_av_one_full  el_before_av_one_full  first flex_column_div av-zero-column-padding  column-top-margin'     ><section  class='av_textblock_section av-lcul43vv-35d55a7a7c1ec6451af6ed1009e54487 '   itemscope=\"itemscope\" itemtype=\"https:\/\/schema.org\/BlogPosting\" itemprop=\"blogPost\" ><div class='avia_textblock'  itemprop=\"text\" ><p>Si \u00e8 conclusa in ottobre scorso la campagna di raccolta dati del <a href=\"https:\/\/whalesanddolphins.tethys.org\/it\/partecipa\/cetacean-sanctuary-research\/\" target=\"_blank\" rel=\"noopener\"><strong>Cetacean Sanctuary Research<\/strong><\/a> (CSR), il progetto a lungo termine di Tethys nelle acque del <a href=\"https:\/\/whalesanddolphins.tethys.org\/it\/partecipa\/cetacean-sanctuary-research\/csr-area-di-studio\/\" target=\"_blank\" rel=\"noopener\"><strong>Santuario Pelagos<\/strong><\/a> con base a <a href=\"https:\/\/www.portosolesanremo.it\/en\/?utm_source=google_maps&amp;utm_medium=organic&amp;utm_campaign=mybusiness\" target=\"_blank\" rel=\"noopener\">Portosole Sanremo<\/a>. La stagione di ricerca, a cui hanno partecipato un numero record di appassionati del pubblico &#8211; i nostri \u201ccitizen scientists\u201d &#8211; ha riservato non poche sorprese.<\/p>\n<p>Nell\u2019estate 2022 \u00a0la raccolta dati \u00a0\u00e8 stata effettuata da diverse piattaforme: in primis come sempre dal motorsailer \u201cPelagos\u201d di <a href=\"https:\/\/www.facebook.com\/FlashVelaDAltura\/\" target=\"_blank\" rel=\"noopener\">Flash Vela d\u2019Altura<\/a>, ma anche dalla motonave \u201cCorsara\u201d di <a href=\"https:\/\/www.golfoparadiso.it\/whale-watching\/\" target=\"_blank\" rel=\"noopener\">Golfo Paradiso Whale Watching<\/a> e dal drone Tekever (messo a disposizione da <a href=\"https:\/\/european-union.europa.eu\/institutions-law-budget\/institutions-and-bodies\/institutions-and-bodies-profiles\/emsa_it\" target=\"_blank\" rel=\"noopener\">EMSA<\/a> alla <a href=\"https:\/\/www.guardiacostiera.gov.it\/\" target=\"_blank\" rel=\"noopener\">Guardia Costiera<\/a> con i piloti del consorzio franco-portoghese <a href=\"http:\/\/www.react.eu\/\" target=\"_blank\" rel=\"noopener\">REACT<\/a>). Ma andiamo con ordine.<\/p>\n<p>\u201c<strong>Pelagos<\/strong>\u201d ha navigato, con ricercatori, assistenti e partecipanti, per ben 20 settimane, tra il 9 maggio e il 9 ottobre, con solo due turni sospesi per maltempo o cause di forza maggiore, coprendo qualcosa come 6786 km \u2013 pi\u00f9 che circumnavigare l\u2019Italia da Ventimiglia fino a Trieste e ritorno &#8211; \u00a0in tutto 715 ore trascorse in mare.<\/p>\n<p>Al database di Tethys, che vanta ormai 32 anni di attivit\u00e0, si sono cos\u00ec aggiunti 229 avvistamenti di cetacei: la maggior parte, come di consueto, di stenelle <em>(Stenella coeruleoalba)<\/em>, i delfini pi\u00f9 frequenti in questa zona e in buona parte del Mediterraneo. Si annoverano poi anche 43 incontri con i capodogli (<em>Physeter<\/em> <em>macrocephalus<\/em>), tra cui 3 con 2 diversi gruppi famigliari. Di solito questi affascinanti animali vengono avvistati singolarmente nella nostra area di studio, e sono perlopi\u00f9 giovani maschi; la comparsa di gruppi di femmine, con anche piccoli \u00e8 quindi relativamente insolita e per questo ancor pi\u00f9 intrigante. Solleva infatti una serie di interrogativi: a cosa \u00e8 dovuto il maggior numero di osservazioni di gruppi sociali di capodogli? Sono in aumento nella nostra zona, o gli incontri sono da attribuirsi piuttosto al protrarsi, quest\u2019anno, della stagione di campo fino a ottobre? \u00c8 un fenomeno pi\u00f9 generale legato a un cambiamento delle condizioni ambientali a larga scala? A queste e altre domande i ricercatori cercheranno di dare una risposta. In ogni caso gli incontri hanno davvero regalato forti emozioni a chi ha avuto la fortuna di trovarsi a bordo durante le ultime settimane della stagione.<\/p>\n<\/div><\/section><\/div>\n\n<style type=\"text\/css\" data-created_by=\"avia_inline_auto\" id=\"style-css-av-2iemnm6-3f193825835fb74b7face6380fb403ff\">\n.flex_column.av-2iemnm6-3f193825835fb74b7face6380fb403ff{\nborder-radius:0px 0px 0px 0px;\npadding:0px 0px 0px 0px;\n}\n<\/style>\n<div  class='flex_column av-2iemnm6-3f193825835fb74b7face6380fb403ff av_one_full  avia-builder-el-6  el_after_av_one_full  el_before_av_one_full  first flex_column_div av-zero-column-padding  column-top-margin'     ><p>\n<style type=\"text\/css\" data-created_by=\"avia_inline_auto\" id=\"style-css-av-lcul5dx1-d60c97d00e7b88e5563464ca2d29c6b0\">\n.avia-image-container.av-lcul5dx1-d60c97d00e7b88e5563464ca2d29c6b0 img.avia_image{\nbox-shadow:none;\n}\n.avia-image-container.av-lcul5dx1-d60c97d00e7b88e5563464ca2d29c6b0 .av-image-caption-overlay-center{\ncolor:#ffffff;\n}\n<\/style>\n<div  class='avia-image-container av-lcul5dx1-d60c97d00e7b88e5563464ca2d29c6b0 av-styling- avia-align-center  avia-builder-el-7  el_before_av_textblock  avia-builder-el-first '   itemprop=\"image\" itemscope=\"itemscope\" itemtype=\"https:\/\/schema.org\/ImageObject\" ><div class=\"avia-image-container-inner\"><div class=\"avia-image-overlay-wrap\"><img decoding=\"async\" fetchpriority=\"high\" class='wp-image-27503 avia-img-lazy-loading-not-27503 avia_image ' src=\"https:\/\/whalesanddolphins.tethys.org\/wp-content\/uploads\/2023\/01\/grafico-avvistamenti-csr-2022-1030x505.jpeg\" alt='' title='grafico-avvistamenti-csr-2022'  height=\"505\" width=\"1030\"  itemprop=\"thumbnailUrl\" srcset=\"https:\/\/whalesanddolphins.tethys.org\/wp-content\/uploads\/2023\/01\/grafico-avvistamenti-csr-2022-1030x505.jpeg 1030w, https:\/\/whalesanddolphins.tethys.org\/wp-content\/uploads\/2023\/01\/grafico-avvistamenti-csr-2022-300x147.jpeg 300w, https:\/\/whalesanddolphins.tethys.org\/wp-content\/uploads\/2023\/01\/grafico-avvistamenti-csr-2022-768x376.jpeg 768w, https:\/\/whalesanddolphins.tethys.org\/wp-content\/uploads\/2023\/01\/grafico-avvistamenti-csr-2022-705x346.jpeg 705w, https:\/\/whalesanddolphins.tethys.org\/wp-content\/uploads\/2023\/01\/grafico-avvistamenti-csr-2022-450x221.jpeg 450w, https:\/\/whalesanddolphins.tethys.org\/wp-content\/uploads\/2023\/01\/grafico-avvistamenti-csr-2022.jpeg 1173w\" sizes=\"(max-width: 1030px) 100vw, 1030px\" \/><\/div><\/div><\/div><br \/>\n\n<style type=\"text\/css\" data-created_by=\"avia_inline_auto\" id=\"style-css-av-lcul5qi3-a9c1a5a00a8cf382898ee838a0ff362f\">\n#top .av_textblock_section.av-lcul5qi3-a9c1a5a00a8cf382898ee838a0ff362f .avia_textblock{\nfont-size:13px;\n}\n<\/style>\n<section  class='av_textblock_section av-lcul5qi3-a9c1a5a00a8cf382898ee838a0ff362f '   itemscope=\"itemscope\" itemtype=\"https:\/\/schema.org\/BlogPosting\" itemprop=\"blogPost\" ><div class='avia_textblock'  itemprop=\"text\" ><p>Frequenze di avvistamento da \u201cPelagos\u201ddelle diverse specie di cetacei<\/p>\n<\/div><\/section><\/p><\/div>\n\n<style type=\"text\/css\" data-created_by=\"avia_inline_auto\" id=\"style-css-av-27ip032-41f691f343c344e5f5eb46a26e24c5d0\">\n.flex_column.av-27ip032-41f691f343c344e5f5eb46a26e24c5d0{\nborder-radius:0px 0px 0px 0px;\npadding:0px 0px 0px 0px;\n}\n<\/style>\n<div  class='flex_column av-27ip032-41f691f343c344e5f5eb46a26e24c5d0 av_one_full  avia-builder-el-9  el_after_av_one_full  el_before_av_one_full  first flex_column_div av-zero-column-padding  column-top-margin'     ><section  class='av_textblock_section av-lcul6lve-2ee147dae046a3d331181dceac306452 '   itemscope=\"itemscope\" itemtype=\"https:\/\/schema.org\/BlogPosting\" itemprop=\"blogPost\" ><div class='avia_textblock'  itemprop=\"text\" ><p>Terze in ordine di frequenza di <strong>avvistamento dalla barca \u201cPelagos\u201d,<\/strong> le balenottere comuni (<em>Balaenoptera physalus)<\/em>, seguite dai tursiopi <em>(Tursiops truncatus)<\/em>, i delfini pi\u00f9 costieri di tutti. A questo si aggiungono ben due incontri con i globicefali <em>(Globicephala melas)<\/em>, piuttosto rari nella zona e non sempre \u201cgarantiti\u201d; poi un incontro con uno zifio <em>(Ziphius cavirostris),<\/em> e uno con i delfini comuni <em>\u00a0(Delphinus delphis). <\/em>\u00a0A differenza di quanto farebbe pensare il nome di questi ultimi, sono una specie diventata estremamente rara; spesso, nel Santuario si vedono pochi individui associati alle stenelle e si sospetta che ci siano degli ibridi tra le due specie.<\/p>\n<p>Di tutti i cetacei incontrati sono stati <strong>fotoidentificati<\/strong>, con il prezioso supporto di <a href=\"https:\/\/www.canon.it\/\" target=\"_blank\" rel=\"noopener\">Canon<\/a> Italia, il maggior numero possibile di individui, le cui foto andranno ad arricchire il \u201ccatalogo\u201d, lo strumento in grado di indicare quali animali sono nuovi e quali invece gi\u00e0 conosciuti, e in questo caso dove e quando sono stati visti in precedenza.<\/p>\n<p>Ma la raccolta dati non si ferma qui: l\u2019idrofono trainato ha registrato le vocalizzazioni di capodogli, globicefali, stenelle, purtroppo anche confermando un altro dato preoccupante: il <strong>grave inquinamento acustico<\/strong> dei nostri mari sempre pi\u00f9 trafficati. Il rumore sottomarino, per lo pi\u00f9 generato da motori delle imbarcazioni ma anche da sonar e sparkers (strumenti di prospezione geofisica) pu\u00f2 causare gravi danni ai cetacei, mascherando la comunicazione tra gli individui, fino a causare lesioni agli apparati auditivi e in casi estremi provocando la morte dei cetacei. Altri dati raccolti sono i tempi delle respirazioni, che molto possono dire sul comportamento degli animali, e infine, i campioni di feci, che \u201craccontano\u201d della dieta di balenottere e capodogli, dei loro eventuali parassiti e quindi in ultima analisi del loro <strong>stato di salute<\/strong>. Un campione inaspettato \u00e8 stato poi il lembo di pelle perso spontaneamente da uno dei capodogli, un reperto prezioso che pu\u00f2 essere utile per studi di <strong>genetica<\/strong>.<\/p>\n<p>A tutto questo si aggiungono ulteriori importanti dati raccolti a bordo della <strong>barca da Whale Watching, \u201cCorsara\u201d<\/strong>, che ha segnalato, da giugno a settembre, ben 175 avvistamenti di cetacei. La collaborazione con Golfo Paradiso Whale Watching ha permesso di intensificare lo sforzo di ricerca ed <strong>estendere l\u2019area di studio <\/strong>nella sua porzione orientale, arricchendo il quadro delle osservazioni e contribuendo a raccogliere dati sui grampi <em>\u00a0(Grampus griseus)<\/em>, una specie ormai rara nella nostra area di studio.<\/p>\n<p>Quanto al <strong>drone<\/strong>, che ha sorvegliato un\u2019area \u201cdi prova\u201d al largo del Ponente ligure, da luglio a novembre, \u00e8 un mezzo innovativo che permette di arricchire le conoscenze sulla presenza dei cetacei da un diverso punto di osservazione, volando a 800 piedi di altezza a 100 chilometri orari. Questo nuovo sistema di osservazione ha contribuito con avvistamenti di grandi e piccoli cetacei.<\/p>\n<p>I ricercatori sono ora al lavoro per valutare questi e altri dati ottenuti e tradurli in informazioni che siano utili per la <strong>conservazione degli animali e dell\u2019ambiente<\/strong>.<\/p>\n<p style=\"text-align: right;\"><em>Maddalena Jahoda<\/em><\/p>\n<\/div><\/section><\/div>\n\n<style type=\"text\/css\" data-created_by=\"avia_inline_auto\" id=\"style-css-av-1pn19zi-290cfb760e75a66e0020400b71b9df53\">\n.flex_column.av-1pn19zi-290cfb760e75a66e0020400b71b9df53{\nborder-radius:0px 0px 0px 0px;\npadding:0px 0px 0px 0px;\n}\n<\/style>\n<div  class='flex_column av-1pn19zi-290cfb760e75a66e0020400b71b9df53 av_one_full  avia-builder-el-11  el_after_av_one_full  el_before_av_one_full  first flex_column_div av-zero-column-padding  column-top-margin'     ><p>\n<style type=\"text\/css\" data-created_by=\"avia_inline_auto\" id=\"style-css-av-lcul7of3-7b19416473226d8ac56849d0aeaef325\">\n.avia-image-container.av-lcul7of3-7b19416473226d8ac56849d0aeaef325 img.avia_image{\nbox-shadow:none;\n}\n.avia-image-container.av-lcul7of3-7b19416473226d8ac56849d0aeaef325 .av-image-caption-overlay-center{\ncolor:#ffffff;\n}\n<\/style>\n<div  class='avia-image-container av-lcul7of3-7b19416473226d8ac56849d0aeaef325 av-styling- avia-align-center  avia-builder-el-12  el_before_av_textblock  avia-builder-el-first '   itemprop=\"image\" itemscope=\"itemscope\" itemtype=\"https:\/\/schema.org\/ImageObject\" ><div class=\"avia-image-container-inner\"><div class=\"avia-image-overlay-wrap\"><img decoding=\"async\" fetchpriority=\"high\" class='wp-image-27505 avia-img-lazy-loading-not-27505 avia_image ' src=\"https:\/\/whalesanddolphins.tethys.org\/wp-content\/uploads\/2023\/01\/Sightings_2022_END_Pelagos_Corsara_crop-1030x696.jpg\" alt='' title='Sightings_2022_END_Pelagos_Corsara_crop'  height=\"696\" width=\"1030\"  itemprop=\"thumbnailUrl\" srcset=\"https:\/\/whalesanddolphins.tethys.org\/wp-content\/uploads\/2023\/01\/Sightings_2022_END_Pelagos_Corsara_crop-1030x696.jpg 1030w, https:\/\/whalesanddolphins.tethys.org\/wp-content\/uploads\/2023\/01\/Sightings_2022_END_Pelagos_Corsara_crop-300x203.jpg 300w, https:\/\/whalesanddolphins.tethys.org\/wp-content\/uploads\/2023\/01\/Sightings_2022_END_Pelagos_Corsara_crop-768x519.jpg 768w, https:\/\/whalesanddolphins.tethys.org\/wp-content\/uploads\/2023\/01\/Sightings_2022_END_Pelagos_Corsara_crop-1536x1038.jpg 1536w, https:\/\/whalesanddolphins.tethys.org\/wp-content\/uploads\/2023\/01\/Sightings_2022_END_Pelagos_Corsara_crop-2048x1384.jpg 2048w, https:\/\/whalesanddolphins.tethys.org\/wp-content\/uploads\/2023\/01\/Sightings_2022_END_Pelagos_Corsara_crop-1500x1013.jpg 1500w, https:\/\/whalesanddolphins.tethys.org\/wp-content\/uploads\/2023\/01\/Sightings_2022_END_Pelagos_Corsara_crop-705x476.jpg 705w, https:\/\/whalesanddolphins.tethys.org\/wp-content\/uploads\/2023\/01\/Sightings_2022_END_Pelagos_Corsara_crop-450x304.jpg 450w\" sizes=\"(max-width: 1030px) 100vw, 1030px\" \/><\/div><\/div><\/div><br \/>\n\n<style type=\"text\/css\" data-created_by=\"avia_inline_auto\" id=\"style-css-av-lcul7x6i-27b0989f1484ee5160a106d3be7834b5\">\n#top .av_textblock_section.av-lcul7x6i-27b0989f1484ee5160a106d3be7834b5 .avia_textblock{\nfont-size:13px;\n}\n<\/style>\n<section  class='av_textblock_section av-lcul7x6i-27b0989f1484ee5160a106d3be7834b5 '   itemscope=\"itemscope\" itemtype=\"https:\/\/schema.org\/BlogPosting\" itemprop=\"blogPost\" ><div class='avia_textblock'  itemprop=\"text\" ><p>Avvistamenti da \u201cPelagos\u201d (Tethys), e da \u201cCorsara\u201d (Golfo Paradiso Whale Watching)<\/p>\n<\/div><\/section><\/p><\/div>\n\n<style type=\"text\/css\" data-created_by=\"avia_inline_auto\" id=\"style-css-av-lcul8vah-363160b4101b8a05619503cba823cb83\">\n.flex_column.av-lcul8vah-363160b4101b8a05619503cba823cb83{\npadding:50px 50px 50px 50px;\nbackground-color:#4a96e8;\n}\n<\/style>\n<div  class='flex_column av-lcul8vah-363160b4101b8a05619503cba823cb83 av_one_full  avia-builder-el-14  el_after_av_one_full  el_before_av_one_full  first flex_column_div  column-top-margin'     ><style type=\"text\/css\" data-created_by=\"avia_inline_auto\" id=\"style-css-av-lcul9lv3-996d0e6df386e42cae77b515d6641db5\">\n#top .av_textblock_section.av-lcul9lv3-996d0e6df386e42cae77b515d6641db5 .avia_textblock{\ncolor:#ffffff;\n}\n<\/style>\n<section  class='av_textblock_section av-lcul9lv3-996d0e6df386e42cae77b515d6641db5 '   itemscope=\"itemscope\" itemtype=\"https:\/\/schema.org\/BlogPosting\" itemprop=\"blogPost\" ><div class='avia_textblock av_inherit_color'  itemprop=\"text\" ><p>Si ringraziano gli sponsor: <a href=\"https:\/\/www.biolu.it\/\" target=\"_blank\" rel=\"noopener\">BIOLU<\/a>, \u00a0<a href=\"https:\/\/www.canon.it\/\" target=\"_blank\" rel=\"noopener\">Canon Italia<\/a>, <a href=\"https:\/\/www.portosolesanremo.it\/en\/?utm_source=google_maps&amp;utm_medium=organic&amp;utm_campaign=mybusiness\" target=\"_blank\" rel=\"noopener\">Portosole Sanremo<\/a>, <a href=\"https:\/\/www.siram.veolia.it\/\" target=\"_blank\" rel=\"noopener\">Siram Veolia<\/a>, <a href=\"https:\/\/www.flowe.com\/\" target=\"_blank\" rel=\"noopener\">FloWe S.p.A<\/a>. Un grazie speciale a Laura Toledo e Ludovica Pavesi per le loro generose donazioni.<\/p>\n<\/div><\/section><\/div>\n<div  class='flex_column av-10a5c4u-adaba506613ae30d3e77fab43445aa34 av_one_full  avia-builder-el-16  el_after_av_one_full  avia-builder-el-last  first flex_column_div  column-top-margin'     ><div  class='av-social-sharing-box av-rbge9a-42b6680d2a5de297603f890dca87a5d2 av-social-sharing-box-circle  avia-builder-el-17  avia-builder-el-no-sibling  av-social-sharing-box-color-bg av-social-sharing-box-same-width av-social-sharing-center'><div class=\"av-share-box\"><h5 class='av-share-link-description av-no-toc '>Condividi<\/h5><ul class=\"av-share-box-list noLightbox\"><li class='av-share-link av-social-link-facebook avia_social_iconfont' ><a target=\"_blank\" aria-label=\"Condividi su Facebook\" href='https:\/\/www.facebook.com\/sharer.php?u=https:\/\/whalesanddolphins.tethys.org\/it\/avvistamenti-dal-mare-e-dal-cielo-la-stagione-di-campo-2022-in-liguria\/&#038;t=Avvistamenti%20dal%20mare%20e%20dal%20cielo%3A%20la%20stagione%20di%20campo%202022%20in%20Liguria' data-av_icon='\ue8f3' data-av_iconfont='entypo-fontello'  title='' data-avia-related-tooltip='Condividi su Facebook'><span class='avia_hidden_link_text'>Condividi su Facebook<\/span><\/a><\/li><li class='av-share-link av-social-link-whatsapp avia_social_iconfont' ><a target=\"_blank\" aria-label=\"Condividi su WhatsApp\" href='https:\/\/api.whatsapp.com\/send?text=https:\/\/whalesanddolphins.tethys.org\/it\/avvistamenti-dal-mare-e-dal-cielo-la-stagione-di-campo-2022-in-liguria\/' data-av_icon='\uf232' data-av_iconfont='entypo-fontello'  title='' data-avia-related-tooltip='Condividi su WhatsApp'><span class='avia_hidden_link_text'>Condividi su WhatsApp<\/span><\/a><\/li><li class='av-share-link av-social-link-linkedin avia_social_iconfont' ><a target=\"_blank\" aria-label=\"Condividi su LinkedIn\" href='https:\/\/linkedin.com\/shareArticle?mini=true&#038;title=Avvistamenti%20dal%20mare%20e%20dal%20cielo%3A%20la%20stagione%20di%20campo%202022%20in%20Liguria&#038;url=https:\/\/whalesanddolphins.tethys.org\/it\/avvistamenti-dal-mare-e-dal-cielo-la-stagione-di-campo-2022-in-liguria\/' data-av_icon='\ue8fc' data-av_iconfont='entypo-fontello'  title='' data-avia-related-tooltip='Condividi su LinkedIn'><span class='avia_hidden_link_text'>Condividi su LinkedIn<\/span><\/a><\/li><li class='av-share-link av-social-link-mail avia_social_iconfont' ><a  aria-label=\"Condividi attraverso Mail\" href='mailto:?subject=Avvistamenti%20dal%20mare%20e%20dal%20cielo%3A%20la%20stagione%20di%20campo%202022%20in%20Liguria&#038;body=https:\/\/whalesanddolphins.tethys.org\/it\/avvistamenti-dal-mare-e-dal-cielo-la-stagione-di-campo-2022-in-liguria\/' data-av_icon='\ue805' data-av_iconfont='entypo-fontello'  title='' data-avia-related-tooltip='Condividi attraverso Mail'><span class='avia_hidden_link_text'>Condividi attraverso Mail<\/span><\/a><\/li><\/ul><\/div><\/div><\/div>\n","protected":false},"excerpt":{"rendered":"","protected":false},"author":5,"featured_media":27505,"comment_status":"open","ping_status":"open","sticky":false,"template":"","format":"standard","meta":{"footnotes":""},"categories":[135,143],"tags":[],"class_list":["post-27502","post","type-post","status-publish","format-standard","has-post-thumbnail","hentry","category-csr-it","category-ricerca"],"yoast_head":"<!-- This site is optimized with the Yoast SEO plugin v27.3 - https:\/\/yoast.com\/product\/yoast-seo-wordpress\/ -->\n<title>Avvistamenti dal mare e dal cielo: la stagione di campo 2022 in Liguria - Tethys Research Institute<\/title>\n<meta name=\"robots\" content=\"index, follow, max-snippet:-1, max-image-preview:large, max-video-preview:-1\" \/>\n<link rel=\"canonical\" href=\"https:\/\/whalesanddolphins.tethys.org\/it\/avvistamenti-dal-mare-e-dal-cielo-la-stagione-di-campo-2022-in-liguria\/\" \/>\n<meta property=\"og:locale\" content=\"it_IT\" \/>\n<meta property=\"og:type\" content=\"article\" \/>\n<meta property=\"og:title\" content=\"Avvistamenti dal mare e dal cielo: la stagione di campo 2022 in Liguria - Tethys Research Institute\" \/>\n<meta property=\"og:url\" content=\"https:\/\/whalesanddolphins.tethys.org\/it\/avvistamenti-dal-mare-e-dal-cielo-la-stagione-di-campo-2022-in-liguria\/\" \/>\n<meta property=\"og:site_name\" content=\"Tethys Research Institute\" \/>\n<meta property=\"article:publisher\" content=\"https:\/\/www.facebook.com\/TethysResearchInstitute\/\" \/>\n<meta property=\"article:published_time\" content=\"2023-01-13T14:10:40+00:00\" \/>\n<meta property=\"og:image\" content=\"https:\/\/whalesanddolphins.tethys.org\/wp-content\/uploads\/2023\/01\/Sightings_2022_END_Pelagos_Corsara_crop-scaled.jpg\" \/>\n\t<meta property=\"og:image:width\" content=\"2560\" \/>\n\t<meta property=\"og:image:height\" content=\"1729\" \/>\n\t<meta property=\"og:image:type\" content=\"image\/jpeg\" \/>\n<meta name=\"author\" content=\"Elena Politi\" \/>\n<meta name=\"twitter:card\" content=\"summary_large_image\" \/>\n<meta name=\"twitter:creator\" content=\"@TethysResearch\" \/>\n<meta name=\"twitter:site\" content=\"@TethysResearch\" \/>\n<meta name=\"twitter:label1\" content=\"Scritto da\" \/>\n\t<meta name=\"twitter:data1\" content=\"Elena Politi\" \/>\n\t<meta name=\"twitter:label2\" content=\"Tempo di lettura stimato\" \/>\n\t<meta name=\"twitter:data2\" content=\"8 minuti\" \/>\n<script type=\"application\/ld+json\" class=\"yoast-schema-graph\">{\"@context\":\"https:\\\/\\\/schema.org\",\"@graph\":[{\"@type\":\"Article\",\"@id\":\"https:\\\/\\\/whalesanddolphins.tethys.org\\\/it\\\/avvistamenti-dal-mare-e-dal-cielo-la-stagione-di-campo-2022-in-liguria\\\/#article\",\"isPartOf\":{\"@id\":\"https:\\\/\\\/whalesanddolphins.tethys.org\\\/it\\\/avvistamenti-dal-mare-e-dal-cielo-la-stagione-di-campo-2022-in-liguria\\\/\"},\"author\":{\"name\":\"Elena Politi\",\"@id\":\"https:\\\/\\\/whalesanddolphins.tethys.org\\\/#\\\/schema\\\/person\\\/9dc952d93b1c548ccab7fe5341f95dd9\"},\"headline\":\"Avvistamenti dal mare e dal cielo: la stagione di campo 2022 in Liguria\",\"datePublished\":\"2023-01-13T14:10:40+00:00\",\"mainEntityOfPage\":{\"@id\":\"https:\\\/\\\/whalesanddolphins.tethys.org\\\/it\\\/avvistamenti-dal-mare-e-dal-cielo-la-stagione-di-campo-2022-in-liguria\\\/\"},\"wordCount\":2909,\"commentCount\":0,\"image\":{\"@id\":\"https:\\\/\\\/whalesanddolphins.tethys.org\\\/it\\\/avvistamenti-dal-mare-e-dal-cielo-la-stagione-di-campo-2022-in-liguria\\\/#primaryimage\"},\"thumbnailUrl\":\"https:\\\/\\\/whalesanddolphins.tethys.org\\\/wp-content\\\/uploads\\\/2023\\\/01\\\/Sightings_2022_END_Pelagos_Corsara_crop-scaled.jpg\",\"articleSection\":[\"CSR\",\"Ricerca\"],\"inLanguage\":\"it-IT\",\"potentialAction\":[{\"@type\":\"CommentAction\",\"name\":\"Comment\",\"target\":[\"https:\\\/\\\/whalesanddolphins.tethys.org\\\/it\\\/avvistamenti-dal-mare-e-dal-cielo-la-stagione-di-campo-2022-in-liguria\\\/#respond\"]}]},{\"@type\":\"WebPage\",\"@id\":\"https:\\\/\\\/whalesanddolphins.tethys.org\\\/it\\\/avvistamenti-dal-mare-e-dal-cielo-la-stagione-di-campo-2022-in-liguria\\\/\",\"url\":\"https:\\\/\\\/whalesanddolphins.tethys.org\\\/it\\\/avvistamenti-dal-mare-e-dal-cielo-la-stagione-di-campo-2022-in-liguria\\\/\",\"name\":\"Avvistamenti dal mare e dal cielo: la stagione di campo 2022 in Liguria - Tethys Research Institute\",\"isPartOf\":{\"@id\":\"https:\\\/\\\/whalesanddolphins.tethys.org\\\/#website\"},\"primaryImageOfPage\":{\"@id\":\"https:\\\/\\\/whalesanddolphins.tethys.org\\\/it\\\/avvistamenti-dal-mare-e-dal-cielo-la-stagione-di-campo-2022-in-liguria\\\/#primaryimage\"},\"image\":{\"@id\":\"https:\\\/\\\/whalesanddolphins.tethys.org\\\/it\\\/avvistamenti-dal-mare-e-dal-cielo-la-stagione-di-campo-2022-in-liguria\\\/#primaryimage\"},\"thumbnailUrl\":\"https:\\\/\\\/whalesanddolphins.tethys.org\\\/wp-content\\\/uploads\\\/2023\\\/01\\\/Sightings_2022_END_Pelagos_Corsara_crop-scaled.jpg\",\"datePublished\":\"2023-01-13T14:10:40+00:00\",\"author\":{\"@id\":\"https:\\\/\\\/whalesanddolphins.tethys.org\\\/#\\\/schema\\\/person\\\/9dc952d93b1c548ccab7fe5341f95dd9\"},\"breadcrumb\":{\"@id\":\"https:\\\/\\\/whalesanddolphins.tethys.org\\\/it\\\/avvistamenti-dal-mare-e-dal-cielo-la-stagione-di-campo-2022-in-liguria\\\/#breadcrumb\"},\"inLanguage\":\"it-IT\",\"potentialAction\":[{\"@type\":\"ReadAction\",\"target\":[\"https:\\\/\\\/whalesanddolphins.tethys.org\\\/it\\\/avvistamenti-dal-mare-e-dal-cielo-la-stagione-di-campo-2022-in-liguria\\\/\"]}]},{\"@type\":\"ImageObject\",\"inLanguage\":\"it-IT\",\"@id\":\"https:\\\/\\\/whalesanddolphins.tethys.org\\\/it\\\/avvistamenti-dal-mare-e-dal-cielo-la-stagione-di-campo-2022-in-liguria\\\/#primaryimage\",\"url\":\"https:\\\/\\\/whalesanddolphins.tethys.org\\\/wp-content\\\/uploads\\\/2023\\\/01\\\/Sightings_2022_END_Pelagos_Corsara_crop-scaled.jpg\",\"contentUrl\":\"https:\\\/\\\/whalesanddolphins.tethys.org\\\/wp-content\\\/uploads\\\/2023\\\/01\\\/Sightings_2022_END_Pelagos_Corsara_crop-scaled.jpg\",\"width\":2560,\"height\":1729},{\"@type\":\"BreadcrumbList\",\"@id\":\"https:\\\/\\\/whalesanddolphins.tethys.org\\\/it\\\/avvistamenti-dal-mare-e-dal-cielo-la-stagione-di-campo-2022-in-liguria\\\/#breadcrumb\",\"itemListElement\":[{\"@type\":\"ListItem\",\"position\":1,\"name\":\"Home\",\"item\":\"https:\\\/\\\/whalesanddolphins.tethys.org\\\/it\\\/\"},{\"@type\":\"ListItem\",\"position\":2,\"name\":\"Avvistamenti dal mare e dal cielo: la stagione di campo 2022 in Liguria\"}]},{\"@type\":\"WebSite\",\"@id\":\"https:\\\/\\\/whalesanddolphins.tethys.org\\\/#website\",\"url\":\"https:\\\/\\\/whalesanddolphins.tethys.org\\\/\",\"name\":\"Tethys Research Institute\",\"description\":\"The Tethys portal for participating to a whale and dolphins expedition\",\"potentialAction\":[{\"@type\":\"SearchAction\",\"target\":{\"@type\":\"EntryPoint\",\"urlTemplate\":\"https:\\\/\\\/whalesanddolphins.tethys.org\\\/?s={search_term_string}\"},\"query-input\":{\"@type\":\"PropertyValueSpecification\",\"valueRequired\":true,\"valueName\":\"search_term_string\"}}],\"inLanguage\":\"it-IT\"},{\"@type\":\"Person\",\"@id\":\"https:\\\/\\\/whalesanddolphins.tethys.org\\\/#\\\/schema\\\/person\\\/9dc952d93b1c548ccab7fe5341f95dd9\",\"name\":\"Elena Politi\",\"image\":{\"@type\":\"ImageObject\",\"inLanguage\":\"it-IT\",\"@id\":\"https:\\\/\\\/secure.gravatar.com\\\/avatar\\\/183b8a06af60ca0e119e2b30fd3725ddd59540b9340c0d4cff337a741578e8db?s=96&d=mm&r=g\",\"url\":\"https:\\\/\\\/secure.gravatar.com\\\/avatar\\\/183b8a06af60ca0e119e2b30fd3725ddd59540b9340c0d4cff337a741578e8db?s=96&d=mm&r=g\",\"contentUrl\":\"https:\\\/\\\/secure.gravatar.com\\\/avatar\\\/183b8a06af60ca0e119e2b30fd3725ddd59540b9340c0d4cff337a741578e8db?s=96&d=mm&r=g\",\"caption\":\"Elena Politi\"}}]}<\/script>\n<!-- \/ Yoast SEO plugin. -->","yoast_head_json":{"title":"Avvistamenti dal mare e dal cielo: la stagione di campo 2022 in Liguria - Tethys Research Institute","robots":{"index":"index","follow":"follow","max-snippet":"max-snippet:-1","max-image-preview":"max-image-preview:large","max-video-preview":"max-video-preview:-1"},"canonical":"https:\/\/whalesanddolphins.tethys.org\/it\/avvistamenti-dal-mare-e-dal-cielo-la-stagione-di-campo-2022-in-liguria\/","og_locale":"it_IT","og_type":"article","og_title":"Avvistamenti dal mare e dal cielo: la stagione di campo 2022 in Liguria - Tethys Research Institute","og_url":"https:\/\/whalesanddolphins.tethys.org\/it\/avvistamenti-dal-mare-e-dal-cielo-la-stagione-di-campo-2022-in-liguria\/","og_site_name":"Tethys Research Institute","article_publisher":"https:\/\/www.facebook.com\/TethysResearchInstitute\/","article_published_time":"2023-01-13T14:10:40+00:00","og_image":[{"width":2560,"height":1729,"url":"https:\/\/whalesanddolphins.tethys.org\/wp-content\/uploads\/2023\/01\/Sightings_2022_END_Pelagos_Corsara_crop-scaled.jpg","type":"image\/jpeg"}],"author":"Elena Politi","twitter_card":"summary_large_image","twitter_creator":"@TethysResearch","twitter_site":"@TethysResearch","twitter_misc":{"Scritto da":"Elena Politi","Tempo di lettura stimato":"8 minuti"},"schema":{"@context":"https:\/\/schema.org","@graph":[{"@type":"Article","@id":"https:\/\/whalesanddolphins.tethys.org\/it\/avvistamenti-dal-mare-e-dal-cielo-la-stagione-di-campo-2022-in-liguria\/#article","isPartOf":{"@id":"https:\/\/whalesanddolphins.tethys.org\/it\/avvistamenti-dal-mare-e-dal-cielo-la-stagione-di-campo-2022-in-liguria\/"},"author":{"name":"Elena Politi","@id":"https:\/\/whalesanddolphins.tethys.org\/#\/schema\/person\/9dc952d93b1c548ccab7fe5341f95dd9"},"headline":"Avvistamenti dal mare e dal cielo: la stagione di campo 2022 in Liguria","datePublished":"2023-01-13T14:10:40+00:00","mainEntityOfPage":{"@id":"https:\/\/whalesanddolphins.tethys.org\/it\/avvistamenti-dal-mare-e-dal-cielo-la-stagione-di-campo-2022-in-liguria\/"},"wordCount":2909,"commentCount":0,"image":{"@id":"https:\/\/whalesanddolphins.tethys.org\/it\/avvistamenti-dal-mare-e-dal-cielo-la-stagione-di-campo-2022-in-liguria\/#primaryimage"},"thumbnailUrl":"https:\/\/whalesanddolphins.tethys.org\/wp-content\/uploads\/2023\/01\/Sightings_2022_END_Pelagos_Corsara_crop-scaled.jpg","articleSection":["CSR","Ricerca"],"inLanguage":"it-IT","potentialAction":[{"@type":"CommentAction","name":"Comment","target":["https:\/\/whalesanddolphins.tethys.org\/it\/avvistamenti-dal-mare-e-dal-cielo-la-stagione-di-campo-2022-in-liguria\/#respond"]}]},{"@type":"WebPage","@id":"https:\/\/whalesanddolphins.tethys.org\/it\/avvistamenti-dal-mare-e-dal-cielo-la-stagione-di-campo-2022-in-liguria\/","url":"https:\/\/whalesanddolphins.tethys.org\/it\/avvistamenti-dal-mare-e-dal-cielo-la-stagione-di-campo-2022-in-liguria\/","name":"Avvistamenti dal mare e dal cielo: la stagione di campo 2022 in Liguria - Tethys Research Institute","isPartOf":{"@id":"https:\/\/whalesanddolphins.tethys.org\/#website"},"primaryImageOfPage":{"@id":"https:\/\/whalesanddolphins.tethys.org\/it\/avvistamenti-dal-mare-e-dal-cielo-la-stagione-di-campo-2022-in-liguria\/#primaryimage"},"image":{"@id":"https:\/\/whalesanddolphins.tethys.org\/it\/avvistamenti-dal-mare-e-dal-cielo-la-stagione-di-campo-2022-in-liguria\/#primaryimage"},"thumbnailUrl":"https:\/\/whalesanddolphins.tethys.org\/wp-content\/uploads\/2023\/01\/Sightings_2022_END_Pelagos_Corsara_crop-scaled.jpg","datePublished":"2023-01-13T14:10:40+00:00","author":{"@id":"https:\/\/whalesanddolphins.tethys.org\/#\/schema\/person\/9dc952d93b1c548ccab7fe5341f95dd9"},"breadcrumb":{"@id":"https:\/\/whalesanddolphins.tethys.org\/it\/avvistamenti-dal-mare-e-dal-cielo-la-stagione-di-campo-2022-in-liguria\/#breadcrumb"},"inLanguage":"it-IT","potentialAction":[{"@type":"ReadAction","target":["https:\/\/whalesanddolphins.tethys.org\/it\/avvistamenti-dal-mare-e-dal-cielo-la-stagione-di-campo-2022-in-liguria\/"]}]},{"@type":"ImageObject","inLanguage":"it-IT","@id":"https:\/\/whalesanddolphins.tethys.org\/it\/avvistamenti-dal-mare-e-dal-cielo-la-stagione-di-campo-2022-in-liguria\/#primaryimage","url":"https:\/\/whalesanddolphins.tethys.org\/wp-content\/uploads\/2023\/01\/Sightings_2022_END_Pelagos_Corsara_crop-scaled.jpg","contentUrl":"https:\/\/whalesanddolphins.tethys.org\/wp-content\/uploads\/2023\/01\/Sightings_2022_END_Pelagos_Corsara_crop-scaled.jpg","width":2560,"height":1729},{"@type":"BreadcrumbList","@id":"https:\/\/whalesanddolphins.tethys.org\/it\/avvistamenti-dal-mare-e-dal-cielo-la-stagione-di-campo-2022-in-liguria\/#breadcrumb","itemListElement":[{"@type":"ListItem","position":1,"name":"Home","item":"https:\/\/whalesanddolphins.tethys.org\/it\/"},{"@type":"ListItem","position":2,"name":"Avvistamenti dal mare e dal cielo: la stagione di campo 2022 in Liguria"}]},{"@type":"WebSite","@id":"https:\/\/whalesanddolphins.tethys.org\/#website","url":"https:\/\/whalesanddolphins.tethys.org\/","name":"Tethys Research Institute","description":"The Tethys portal for participating to a whale and dolphins expedition","potentialAction":[{"@type":"SearchAction","target":{"@type":"EntryPoint","urlTemplate":"https:\/\/whalesanddolphins.tethys.org\/?s={search_term_string}"},"query-input":{"@type":"PropertyValueSpecification","valueRequired":true,"valueName":"search_term_string"}}],"inLanguage":"it-IT"},{"@type":"Person","@id":"https:\/\/whalesanddolphins.tethys.org\/#\/schema\/person\/9dc952d93b1c548ccab7fe5341f95dd9","name":"Elena Politi","image":{"@type":"ImageObject","inLanguage":"it-IT","@id":"https:\/\/secure.gravatar.com\/avatar\/183b8a06af60ca0e119e2b30fd3725ddd59540b9340c0d4cff337a741578e8db?s=96&d=mm&r=g","url":"https:\/\/secure.gravatar.com\/avatar\/183b8a06af60ca0e119e2b30fd3725ddd59540b9340c0d4cff337a741578e8db?s=96&d=mm&r=g","contentUrl":"https:\/\/secure.gravatar.com\/avatar\/183b8a06af60ca0e119e2b30fd3725ddd59540b9340c0d4cff337a741578e8db?s=96&d=mm&r=g","caption":"Elena Politi"}}]}},"_links":{"self":[{"href":"https:\/\/whalesanddolphins.tethys.org\/it\/wp-json\/wp\/v2\/posts\/27502","targetHints":{"allow":["GET"]}}],"collection":[{"href":"https:\/\/whalesanddolphins.tethys.org\/it\/wp-json\/wp\/v2\/posts"}],"about":[{"href":"https:\/\/whalesanddolphins.tethys.org\/it\/wp-json\/wp\/v2\/types\/post"}],"author":[{"embeddable":true,"href":"https:\/\/whalesanddolphins.tethys.org\/it\/wp-json\/wp\/v2\/users\/5"}],"replies":[{"embeddable":true,"href":"https:\/\/whalesanddolphins.tethys.org\/it\/wp-json\/wp\/v2\/comments?post=27502"}],"version-history":[{"count":0,"href":"https:\/\/whalesanddolphins.tethys.org\/it\/wp-json\/wp\/v2\/posts\/27502\/revisions"}],"wp:featuredmedia":[{"embeddable":true,"href":"https:\/\/whalesanddolphins.tethys.org\/it\/wp-json\/wp\/v2\/media\/27505"}],"wp:attachment":[{"href":"https:\/\/whalesanddolphins.tethys.org\/it\/wp-json\/wp\/v2\/media?parent=27502"}],"wp:term":[{"taxonomy":"category","embeddable":true,"href":"https:\/\/whalesanddolphins.tethys.org\/it\/wp-json\/wp\/v2\/categories?post=27502"},{"taxonomy":"post_tag","embeddable":true,"href":"https:\/\/whalesanddolphins.tethys.org\/it\/wp-json\/wp\/v2\/tags?post=27502"}],"curies":[{"name":"wp","href":"https:\/\/api.w.org\/{rel}","templated":true}]}}