{"id":29206,"date":"2024-08-08T17:49:24","date_gmt":"2024-08-08T15:49:24","guid":{"rendered":"https:\/\/whalesanddolphins.tethys.org\/muore-straziato-il-capodoglio-julio-nello-stretto-di-gibilterra\/"},"modified":"2024-08-08T17:54:14","modified_gmt":"2024-08-08T15:54:14","slug":"muore-straziato-il-capodoglio-julio-nello-stretto-di-gibilterra","status":"publish","type":"post","link":"https:\/\/whalesanddolphins.tethys.org\/it\/muore-straziato-il-capodoglio-julio-nello-stretto-di-gibilterra\/","title":{"rendered":"Muore straziato il capodoglio \u201cJulio\u201d nello stretto di Gibilterra"},"content":{"rendered":"\n<style type=\"text\/css\" data-created_by=\"avia_inline_auto\" id=\"style-css-av-4jr69zb-875b69bb242d73d9e94f53d7bb91bcae\">\n.flex_column.av-4jr69zb-875b69bb242d73d9e94f53d7bb91bcae{\nborder-radius:0px 0px 0px 0px;\npadding:0px 0px 0px 0px;\n}\n<\/style>\n<div  class='flex_column av-4jr69zb-875b69bb242d73d9e94f53d7bb91bcae av_one_full  avia-builder-el-0  el_before_av_one_full  avia-builder-el-first  first flex_column_div av-zero-column-padding  '     ><style type=\"text\/css\" data-created_by=\"avia_inline_auto\" id=\"style-css-av-lzlfiode-91d7b52a21a7ef287154e287402c46db\">\n#top .av-special-heading.av-lzlfiode-91d7b52a21a7ef287154e287402c46db{\npadding-bottom:10px;\n}\nbody .av-special-heading.av-lzlfiode-91d7b52a21a7ef287154e287402c46db .av-special-heading-tag .heading-char{\nfont-size:25px;\n}\n.av-special-heading.av-lzlfiode-91d7b52a21a7ef287154e287402c46db .av-subheading{\nfont-size:15px;\n}\n<\/style>\n<div  class='av-special-heading av-lzlfiode-91d7b52a21a7ef287154e287402c46db av-special-heading-h1 blockquote modern-quote  avia-builder-el-1  avia-builder-el-no-sibling '><h1 class='av-special-heading-tag '  itemprop=\"headline\"  >Muore straziato il capodoglio <span class='special_amp'>\u201c<\/span>Julio<span class='special_amp'>\u201d<\/span> nello stretto di Gibilterra<\/h1><div class='av-subheading av-subheading_below'><p>Ancora una vittima, con ogni probabilit\u00e0, dell\u2019intenso traffico marittimo del Mediterraneo<\/p>\n<\/div><div class=\"special-heading-border\"><div class=\"special-heading-inner-border\"><\/div><\/div><\/div><\/div>\n<div  class='flex_column av-3w2yeo7-b1bb3e8fe330c407487344d551404410 av_one_full  avia-builder-el-2  el_after_av_one_full  el_before_av_one_full  first flex_column_div  column-top-margin'     ><div  class='avia-video av-lzlfjgoe-2259e08da3e4d97a1fe9cd3e645ab926 avia-video-16-9 av-no-preview-image avia-video-load-always av-lazyload-immediate av-lazyload-video-embed'  itemprop=\"video\" itemtype=\"https:\/\/schema.org\/VideoObject\"  data-original_url='https:\/\/youtu.be\/d0Wbphm0ptk?si=zPcgqr80j7BOxxf7'><script type='text\/html' class='av-video-tmpl'><div class='avia-iframe-wrap'><iframe title=\"Tragic Death of Sperm Whale \u201cJulio\u201d in the Strait of Gibraltar\" width=\"1333\" height=\"1000\" src=\"https:\/\/www.youtube.com\/embed\/d0Wbphm0ptk?feature=oembed&autoplay=0&loop=0&controls=1&mute=0\" frameborder=\"0\" allow=\"accelerometer; autoplay; clipboard-write; encrypted-media; gyroscope; picture-in-picture; web-share\" referrerpolicy=\"strict-origin-when-cross-origin\" allowfullscreen><\/iframe><\/div><\/script><div class='av-click-to-play-overlay'><div class=\"avia_playpause_icon\"><\/div><\/div><\/div><\/div>\n\n<style type=\"text\/css\" data-created_by=\"avia_inline_auto\" id=\"style-css-av-3myq4vb-69eb8d29989291770b85c09671beaec0\">\n.flex_column.av-3myq4vb-69eb8d29989291770b85c09671beaec0{\nborder-radius:0px 0px 0px 0px;\npadding:0px 0px 0px 0px;\n}\n<\/style>\n<div  class='flex_column av-3myq4vb-69eb8d29989291770b85c09671beaec0 av_one_full  avia-builder-el-4  el_after_av_one_full  el_before_av_one_full  first flex_column_div av-zero-column-padding  column-top-margin'     ><section  class='av_textblock_section av-lzlfk0fy-89756d19a0b4729aeba9b671e79ab7e6 '   itemscope=\"itemscope\" itemtype=\"https:\/\/schema.org\/BlogPosting\" itemprop=\"blogPost\" ><div class='avia_textblock'  itemprop=\"text\" ><p>Un capodoglio con un profondissimo taglio sul dorso che quasi sembrava dividere a met\u00e0 l\u2019animale, \u00e8 il drammatico avvistamento del 26 luglio, nello Stretto di Gibilterra, fatto dalla Fondazione <a href=\"https:\/\/www.firmm.org\/en\/\" target=\"_blank\" rel=\"noopener\">FIRMM<\/a>, a poche miglia dal paese di Tarifa, in Spagna, davanti agli occhi esterrefatti di decine di partecipanti a un\u2019uscita di whale watching. Dalle foto, i ricercatori spagnoli sono stati in grado di identificare l\u2019individuo, avvistato regolarmente da circa 10 anni, chiamato \u201cJulio\u201d e studiato anche dall\u2019organizzazione <a href=\"https:\/\/circe.info\/\" target=\"_blank\" rel=\"noopener\">CIRCE<\/a>.<\/p>\n<\/div><\/section><\/div><div  class='flex_column av-15f6w93-cbfdcd6e4cdf52c457d0d4dfc18200c3 av_one_full  avia-builder-el-6  el_after_av_one_full  el_before_av_one_full  first flex_column_div  column-top-margin'     ><style type=\"text\/css\" data-created_by=\"avia_inline_auto\" id=\"style-css-av-lzlg8zr4-54ba5d5adbd44dccc36f3fd351d96e0a\">\n.avia-image-container.av-lzlg8zr4-54ba5d5adbd44dccc36f3fd351d96e0a img.avia_image{\nbox-shadow:none;\n}\n.avia-image-container.av-lzlg8zr4-54ba5d5adbd44dccc36f3fd351d96e0a .av-image-caption-overlay-center{\ncolor:#ffffff;\n}\n<\/style>\n<div  class='avia-image-container av-lzlg8zr4-54ba5d5adbd44dccc36f3fd351d96e0a av-styling- avia-align-center  avia-builder-el-7  avia-builder-el-no-sibling '   itemprop=\"image\" itemscope=\"itemscope\" itemtype=\"https:\/\/schema.org\/ImageObject\" ><div class=\"avia-image-container-inner\"><div class=\"avia-image-overlay-wrap\"><img decoding=\"async\" fetchpriority=\"high\" class='wp-image-29200 avia-img-lazy-loading-not-29200 avia_image ' src=\"https:\/\/whalesanddolphins.tethys.org\/wp-content\/uploads\/2024\/08\/Cachalote-2_firmm_web-1030x687.jpg\" alt='' title='Cachalote-2_firmm_web'  height=\"687\" width=\"1030\"  itemprop=\"thumbnailUrl\" srcset=\"https:\/\/whalesanddolphins.tethys.org\/wp-content\/uploads\/2024\/08\/Cachalote-2_firmm_web-1030x687.jpg 1030w, https:\/\/whalesanddolphins.tethys.org\/wp-content\/uploads\/2024\/08\/Cachalote-2_firmm_web-300x200.jpg 300w, https:\/\/whalesanddolphins.tethys.org\/wp-content\/uploads\/2024\/08\/Cachalote-2_firmm_web-768x512.jpg 768w, https:\/\/whalesanddolphins.tethys.org\/wp-content\/uploads\/2024\/08\/Cachalote-2_firmm_web-705x470.jpg 705w, https:\/\/whalesanddolphins.tethys.org\/wp-content\/uploads\/2024\/08\/Cachalote-2_firmm_web-450x300.jpg 450w, https:\/\/whalesanddolphins.tethys.org\/wp-content\/uploads\/2024\/08\/Cachalote-2_firmm_web.jpg 1500w\" sizes=\"(max-width: 1030px) 100vw, 1030px\" \/><\/div><\/div><\/div><\/div><\/p>\n\n<style type=\"text\/css\" data-created_by=\"avia_inline_auto\" id=\"style-css-av-6eudrb-d214cb246f7cf601b0a666740ccdd4b2\">\n.flex_column.av-6eudrb-d214cb246f7cf601b0a666740ccdd4b2{\nborder-radius:0px 0px 0px 0px;\npadding:0px 0px 0px 0px;\n}\n<\/style>\n<div  class='flex_column av-6eudrb-d214cb246f7cf601b0a666740ccdd4b2 av_one_full  avia-builder-el-8  el_after_av_one_full  el_before_av_one_full  first flex_column_div av-zero-column-padding  column-top-margin'     ><section  class='av_textblock_section av-1b1spev-20973fd3dd892a302c49046666fa54b0 '   itemscope=\"itemscope\" itemtype=\"https:\/\/schema.org\/BlogPosting\" itemprop=\"blogPost\" ><div class='avia_textblock'  itemprop=\"text\" ><p>Il tipo di ferita, che sanguinava copiosamente, \u00e8 dovuta con ogni probabilit\u00e0 alla collisione dell\u2019animale con una grande nave, per esempio uno dei tanti cargo che transitano nello Stretto, oppure uno dei \u00a0ferry veloci che vanno da Tarifa a Tangeri, in Marocco. Non \u00e8 un caso isolato: altri due incidenti con capodogli sono stati evitati per un soffio nella stessa zona solo nei mesi di giugno e luglio, sottolinea il team scientifico della NGO locale <a href=\"https:\/\/nereide.org\/en\/\" target=\"_blank\" rel=\"noopener\">Nereide<\/a>.<\/p>\n<p>Nello Stretto di Gibilterra i cetacei sono costretti a convivere con un traffico marittimo intensissimo, cosa che li accumuna a quelli \u201cnostrani\u201d del Santuario Pelagos, dove \u00e8 di sole poche settimane fa l\u2019avvistamento di \u201cAtlante\u201d, capodoglio con la coda \u201ctagliuzzata\u201d con ogni probabilit\u00e0 da un\u2019elica. E questi casi sono forse solo la punta dell\u2019iceberg poich\u00e9 si pensa che la maggior parte degli animali che vengono investiti muore, dopo lunghe sofferenze,\u00a0 senza che qualcuno se ne accorga.<\/p>\n<\/div><\/section><\/div><div  class='flex_column av-pglgbr-5b867549ec0ca32d835fa6e9ff99bdb8 av_one_full  avia-builder-el-10  el_after_av_one_full  el_before_av_one_full  first flex_column_div  column-top-margin'     ><style type=\"text\/css\" data-created_by=\"avia_inline_auto\" id=\"style-css-av-lzlg9eok-7e73eeac4da6b8e0053faecf7361b0bc\">\n.avia-image-container.av-lzlg9eok-7e73eeac4da6b8e0053faecf7361b0bc img.avia_image{\nbox-shadow:none;\n}\n.avia-image-container.av-lzlg9eok-7e73eeac4da6b8e0053faecf7361b0bc .av-image-caption-overlay-center{\ncolor:#ffffff;\n}\n<\/style>\n<div  class='avia-image-container av-lzlg9eok-7e73eeac4da6b8e0053faecf7361b0bc av-styling- avia-align-center  avia-builder-el-11  avia-builder-el-no-sibling '   itemprop=\"image\" itemscope=\"itemscope\" itemtype=\"https:\/\/schema.org\/ImageObject\" ><div class=\"avia-image-container-inner\"><div class=\"avia-image-overlay-wrap\"><img decoding=\"async\" fetchpriority=\"high\" class='wp-image-29202 avia-img-lazy-loading-not-29202 avia_image ' src=\"https:\/\/whalesanddolphins.tethys.org\/wp-content\/uploads\/2024\/08\/Cachalote-4_firmm-1030x687.jpg\" alt='' title='Cachalote-4_firmm'  height=\"687\" width=\"1030\"  itemprop=\"thumbnailUrl\" srcset=\"https:\/\/whalesanddolphins.tethys.org\/wp-content\/uploads\/2024\/08\/Cachalote-4_firmm-1030x687.jpg 1030w, https:\/\/whalesanddolphins.tethys.org\/wp-content\/uploads\/2024\/08\/Cachalote-4_firmm-300x200.jpg 300w, https:\/\/whalesanddolphins.tethys.org\/wp-content\/uploads\/2024\/08\/Cachalote-4_firmm-768x512.jpg 768w, https:\/\/whalesanddolphins.tethys.org\/wp-content\/uploads\/2024\/08\/Cachalote-4_firmm-1536x1024.jpg 1536w, https:\/\/whalesanddolphins.tethys.org\/wp-content\/uploads\/2024\/08\/Cachalote-4_firmm-2048x1365.jpg 2048w, https:\/\/whalesanddolphins.tethys.org\/wp-content\/uploads\/2024\/08\/Cachalote-4_firmm-1500x1000.jpg 1500w, https:\/\/whalesanddolphins.tethys.org\/wp-content\/uploads\/2024\/08\/Cachalote-4_firmm-705x470.jpg 705w, https:\/\/whalesanddolphins.tethys.org\/wp-content\/uploads\/2024\/08\/Cachalote-4_firmm-450x300.jpg 450w\" sizes=\"(max-width: 1030px) 100vw, 1030px\" \/><\/div><\/div><\/div><\/div><\/p>\n\n<style type=\"text\/css\" data-created_by=\"avia_inline_auto\" id=\"style-css-av-t699mv-a72d772d0dd208a3ba4c349347678b62\">\n.flex_column.av-t699mv-a72d772d0dd208a3ba4c349347678b62{\nborder-radius:0px 0px 0px 0px;\npadding:0px 0px 0px 0px;\n}\n<\/style>\n<div  class='flex_column av-t699mv-a72d772d0dd208a3ba4c349347678b62 av_one_full  avia-builder-el-12  el_after_av_one_full  el_before_av_one_full  first flex_column_div av-zero-column-padding  column-top-margin'     ><section  class='av_textblock_section av-lzlg53ae-79d7e1c42841fb7d67e711065480148d '   itemscope=\"itemscope\" itemtype=\"https:\/\/schema.org\/BlogPosting\" itemprop=\"blogPost\" ><div class='avia_textblock'  itemprop=\"text\" ><p>Il problema non \u00e8 solo locale: i capodogli sono capaci di grandi spostamenti tanto \u00e8 vero che diversi individui dello Stretto vengono avvistati anche al largo del Ponente Ligure, che \u00e8 parte dell\u2019area di ricerca del progetto Cetacean Sanctuary Research condotto dall\u2019Istituto Tethys.<\/p>\n<p>Il drammatico problema delle collisioni, per inciso, non riguarda solo i capodogli, ma anche l\u2019altra specie di grande cetacei dei nostri mari, la balenottera comune. Entrambe le sotto-popolazioni mediterranee, geneticamente isolate, sono classificate a rischio di estinzione nella lista rossa dell\u2019IUCN (International Union for the Conservation of Nature).<\/p>\n<p>In un recente articolo scientifico sulla rivista \u201cAquatic Conservation\u201d (*), con primo autore Alessia Scuderi, di <a href=\"https:\/\/nereide.org\/en\/\">Nereide<\/a> (e collaboratrice dell\u2019Istituto Tethys), i ricercatori propongono misure concrete per ridurre le collisioni nello Stretto di Gibilterra, tra cui la presenza obbligatoria di osservatori sulle navi, la formazione specifica per i membri degli equipaggi e soprattutto la riduzione della velocit\u00e0 del traffico nelle aree e stagioni a rischio. La velocit\u00e0 \u00e8 infatti stata riconosciuta come fattore critico per le collisioni tra imbarcazioni e cetacei, e il rischio aumenta enormemente sopra i 10 nodi.<\/p>\n<p>In riconoscimento dell\u2019allarme degli esperti,\u00a0 l\u2019anno scorso il Marine Environment Protection Committee (Comitato per la protezione dell\u2019ambiente) dell\u2019International Maritime Organization (Organizzazione Marittima Internazionale), l\u2019agenzia delle Nazioni Unite incaricata di regolamentare il trasporto marittimo, ha dichiarato una parte del Mediterraneo nord-occidentale \u201carea marina particolarmente sensibile\u201d (PSSA \u2013 Particularly Sensitive Sea Area) con l\u2019obiettivo proprio di proteggere i grandi cetacei dalle collisioni. \u00c8 un primo, importante passo, ma preoccupa comunque il fatto che i capodogli del Mediterraneo non superano, secondo le stime, i 2500 individui \u2013 le balenottere probabilmente meno di 2000; di conseguenza ogni individuo morto per causa dell\u2019uomo \u00e8 una perdita grave per la sopravvivenza della\u00a0 popolazione.<\/p>\n<p style=\"text-align: right;\"><em>Maddalena Jahoda<\/em><\/p>\n<p>(*) A. Scuderi et al. Tying up loose ends together: Cetaceans, maritime traffic and spatial management tools in the Strait of Gibraltar\u201d (Aquatic Conservation, https:\/\/onlinelibrary.wiley.com\/doi\/abs\/10.1002\/aqc.4066)<\/p>\n<\/div><\/section><\/div>\n<div  class='flex_column av-sskapz-b97fc94ac66e9a05e627b3417ca97f32 av_one_full  avia-builder-el-14  el_after_av_one_full  avia-builder-el-last  first flex_column_div  column-top-margin'     ><div  class='av-social-sharing-box av-v3uu93-9e8ab52ea88db000268f201befef2a6f av-social-sharing-box-default  avia-builder-el-15  avia-builder-el-no-sibling  av-social-sharing-box-fullwidth'><div class=\"av-share-box\"><h5 class='av-share-link-description av-no-toc '>Condividi questo articolo<\/h5><ul class=\"av-share-box-list noLightbox\"><li class='av-share-link av-social-link-facebook avia_social_iconfont' ><a target=\"_blank\" aria-label=\"Condividi su Facebook\" href='https:\/\/www.facebook.com\/sharer.php?u=https:\/\/whalesanddolphins.tethys.org\/it\/muore-straziato-il-capodoglio-julio-nello-stretto-di-gibilterra\/&#038;t=Muore%20straziato%20il%20capodoglio%20%E2%80%9CJulio%E2%80%9D%20nello%20stretto%20di%20Gibilterra' data-av_icon='\ue8f3' data-av_iconfont='entypo-fontello'  title='' data-avia-related-tooltip='Condividi su Facebook'><span class='avia_hidden_link_text'>Condividi su Facebook<\/span><\/a><\/li><li class='av-share-link av-social-link-whatsapp avia_social_iconfont' ><a target=\"_blank\" aria-label=\"Condividi su WhatsApp\" href='https:\/\/api.whatsapp.com\/send?text=https:\/\/whalesanddolphins.tethys.org\/it\/muore-straziato-il-capodoglio-julio-nello-stretto-di-gibilterra\/' data-av_icon='\uf232' data-av_iconfont='entypo-fontello'  title='' data-avia-related-tooltip='Condividi su WhatsApp'><span class='avia_hidden_link_text'>Condividi su WhatsApp<\/span><\/a><\/li><li class='av-share-link av-social-link-linkedin avia_social_iconfont' ><a target=\"_blank\" aria-label=\"Condividi su LinkedIn\" href='https:\/\/linkedin.com\/shareArticle?mini=true&#038;title=Muore%20straziato%20il%20capodoglio%20%E2%80%9CJulio%E2%80%9D%20nello%20stretto%20di%20Gibilterra&#038;url=https:\/\/whalesanddolphins.tethys.org\/it\/muore-straziato-il-capodoglio-julio-nello-stretto-di-gibilterra\/' data-av_icon='\ue8fc' data-av_iconfont='entypo-fontello'  title='' data-avia-related-tooltip='Condividi su LinkedIn'><span class='avia_hidden_link_text'>Condividi su LinkedIn<\/span><\/a><\/li><li class='av-share-link av-social-link-mail avia_social_iconfont' ><a  aria-label=\"Condividi attraverso Mail\" href='mailto:?subject=Muore%20straziato%20il%20capodoglio%20%E2%80%9CJulio%E2%80%9D%20nello%20stretto%20di%20Gibilterra&#038;body=https:\/\/whalesanddolphins.tethys.org\/it\/muore-straziato-il-capodoglio-julio-nello-stretto-di-gibilterra\/' data-av_icon='\ue805' data-av_iconfont='entypo-fontello'  title='' data-avia-related-tooltip='Condividi attraverso Mail'><span class='avia_hidden_link_text'>Condividi attraverso Mail<\/span><\/a><\/li><\/ul><\/div><\/div><\/div>\n","protected":false},"excerpt":{"rendered":"","protected":false},"author":5,"featured_media":29202,"comment_status":"closed","ping_status":"open","sticky":false,"template":"","format":"standard","meta":{"footnotes":""},"categories":[133],"tags":[],"class_list":["post-29206","post","type-post","status-publish","format-standard","has-post-thumbnail","hentry","category-conservazione"],"yoast_head":"<!-- This site is optimized with the Yoast SEO plugin v27.3 - https:\/\/yoast.com\/product\/yoast-seo-wordpress\/ -->\n<title>Muore straziato il capodoglio \u201cJulio\u201d nello stretto di Gibilterra - Tethys Research Institute<\/title>\n<meta name=\"robots\" content=\"index, follow, max-snippet:-1, max-image-preview:large, max-video-preview:-1\" \/>\n<link rel=\"canonical\" href=\"https:\/\/whalesanddolphins.tethys.org\/tragic-death-of-sperm-whale-julio-in-the-strait-of-gibraltar\/\" \/>\n<meta property=\"og:locale\" content=\"it_IT\" \/>\n<meta property=\"og:type\" content=\"article\" \/>\n<meta property=\"og:title\" content=\"Muore straziato il capodoglio \u201cJulio\u201d nello stretto di Gibilterra - Tethys Research Institute\" \/>\n<meta property=\"og:url\" content=\"https:\/\/whalesanddolphins.tethys.org\/tragic-death-of-sperm-whale-julio-in-the-strait-of-gibraltar\/\" \/>\n<meta property=\"og:site_name\" content=\"Tethys Research Institute\" \/>\n<meta property=\"article:publisher\" content=\"https:\/\/www.facebook.com\/TethysResearchInstitute\/\" \/>\n<meta property=\"article:published_time\" content=\"2024-08-08T15:49:24+00:00\" \/>\n<meta property=\"article:modified_time\" content=\"2024-08-08T15:54:14+00:00\" \/>\n<meta property=\"og:image\" content=\"https:\/\/whalesanddolphins.tethys.org\/wp-content\/uploads\/2024\/08\/Cachalote-4_firmm-1030x687.jpg\" \/>\n\t<meta property=\"og:image:width\" content=\"1030\" \/>\n\t<meta property=\"og:image:height\" content=\"687\" \/>\n\t<meta property=\"og:image:type\" content=\"image\/jpeg\" \/>\n<meta name=\"author\" content=\"Elena Politi\" \/>\n<meta name=\"twitter:card\" content=\"summary_large_image\" \/>\n<meta name=\"twitter:creator\" content=\"@TethysResearch\" \/>\n<meta name=\"twitter:site\" content=\"@TethysResearch\" \/>\n<meta name=\"twitter:label1\" content=\"Scritto da\" \/>\n\t<meta name=\"twitter:data1\" content=\"Elena Politi\" \/>\n\t<meta name=\"twitter:label2\" content=\"Tempo di lettura stimato\" \/>\n\t<meta name=\"twitter:data2\" content=\"20 minuti\" \/>\n<script type=\"application\/ld+json\" class=\"yoast-schema-graph\">{\"@context\":\"https:\\\/\\\/schema.org\",\"@graph\":[{\"@type\":\"Article\",\"@id\":\"https:\\\/\\\/whalesanddolphins.tethys.org\\\/tragic-death-of-sperm-whale-julio-in-the-strait-of-gibraltar\\\/#article\",\"isPartOf\":{\"@id\":\"https:\\\/\\\/whalesanddolphins.tethys.org\\\/tragic-death-of-sperm-whale-julio-in-the-strait-of-gibraltar\\\/\"},\"author\":{\"name\":\"Elena Politi\",\"@id\":\"https:\\\/\\\/whalesanddolphins.tethys.org\\\/#\\\/schema\\\/person\\\/9dc952d93b1c548ccab7fe5341f95dd9\"},\"headline\":\"Muore straziato il capodoglio \u201cJulio\u201d nello stretto di Gibilterra\",\"datePublished\":\"2024-08-08T15:49:24+00:00\",\"dateModified\":\"2024-08-08T15:54:14+00:00\",\"mainEntityOfPage\":{\"@id\":\"https:\\\/\\\/whalesanddolphins.tethys.org\\\/tragic-death-of-sperm-whale-julio-in-the-strait-of-gibraltar\\\/\"},\"wordCount\":3015,\"image\":{\"@id\":\"https:\\\/\\\/whalesanddolphins.tethys.org\\\/tragic-death-of-sperm-whale-julio-in-the-strait-of-gibraltar\\\/#primaryimage\"},\"thumbnailUrl\":\"https:\\\/\\\/whalesanddolphins.tethys.org\\\/wp-content\\\/uploads\\\/2024\\\/08\\\/Cachalote-4_firmm-scaled.jpg\",\"articleSection\":[\"Conservazione\"],\"inLanguage\":\"it-IT\"},{\"@type\":\"WebPage\",\"@id\":\"https:\\\/\\\/whalesanddolphins.tethys.org\\\/tragic-death-of-sperm-whale-julio-in-the-strait-of-gibraltar\\\/\",\"url\":\"https:\\\/\\\/whalesanddolphins.tethys.org\\\/tragic-death-of-sperm-whale-julio-in-the-strait-of-gibraltar\\\/\",\"name\":\"Muore straziato il capodoglio \u201cJulio\u201d nello stretto di Gibilterra - Tethys Research Institute\",\"isPartOf\":{\"@id\":\"https:\\\/\\\/whalesanddolphins.tethys.org\\\/#website\"},\"primaryImageOfPage\":{\"@id\":\"https:\\\/\\\/whalesanddolphins.tethys.org\\\/tragic-death-of-sperm-whale-julio-in-the-strait-of-gibraltar\\\/#primaryimage\"},\"image\":{\"@id\":\"https:\\\/\\\/whalesanddolphins.tethys.org\\\/tragic-death-of-sperm-whale-julio-in-the-strait-of-gibraltar\\\/#primaryimage\"},\"thumbnailUrl\":\"https:\\\/\\\/whalesanddolphins.tethys.org\\\/wp-content\\\/uploads\\\/2024\\\/08\\\/Cachalote-4_firmm-scaled.jpg\",\"datePublished\":\"2024-08-08T15:49:24+00:00\",\"dateModified\":\"2024-08-08T15:54:14+00:00\",\"author\":{\"@id\":\"https:\\\/\\\/whalesanddolphins.tethys.org\\\/#\\\/schema\\\/person\\\/9dc952d93b1c548ccab7fe5341f95dd9\"},\"breadcrumb\":{\"@id\":\"https:\\\/\\\/whalesanddolphins.tethys.org\\\/tragic-death-of-sperm-whale-julio-in-the-strait-of-gibraltar\\\/#breadcrumb\"},\"inLanguage\":\"it-IT\",\"potentialAction\":[{\"@type\":\"ReadAction\",\"target\":[\"https:\\\/\\\/whalesanddolphins.tethys.org\\\/tragic-death-of-sperm-whale-julio-in-the-strait-of-gibraltar\\\/\"]}]},{\"@type\":\"ImageObject\",\"inLanguage\":\"it-IT\",\"@id\":\"https:\\\/\\\/whalesanddolphins.tethys.org\\\/tragic-death-of-sperm-whale-julio-in-the-strait-of-gibraltar\\\/#primaryimage\",\"url\":\"https:\\\/\\\/whalesanddolphins.tethys.org\\\/wp-content\\\/uploads\\\/2024\\\/08\\\/Cachalote-4_firmm-scaled.jpg\",\"contentUrl\":\"https:\\\/\\\/whalesanddolphins.tethys.org\\\/wp-content\\\/uploads\\\/2024\\\/08\\\/Cachalote-4_firmm-scaled.jpg\",\"width\":2560,\"height\":1707},{\"@type\":\"BreadcrumbList\",\"@id\":\"https:\\\/\\\/whalesanddolphins.tethys.org\\\/tragic-death-of-sperm-whale-julio-in-the-strait-of-gibraltar\\\/#breadcrumb\",\"itemListElement\":[{\"@type\":\"ListItem\",\"position\":1,\"name\":\"Home\",\"item\":\"https:\\\/\\\/whalesanddolphins.tethys.org\\\/it\\\/\"},{\"@type\":\"ListItem\",\"position\":2,\"name\":\"Muore straziato il capodoglio \u201cJulio\u201d nello stretto di Gibilterra\"}]},{\"@type\":\"WebSite\",\"@id\":\"https:\\\/\\\/whalesanddolphins.tethys.org\\\/#website\",\"url\":\"https:\\\/\\\/whalesanddolphins.tethys.org\\\/\",\"name\":\"Tethys Research Institute\",\"description\":\"The Tethys portal for participating to a whale and dolphins expedition\",\"potentialAction\":[{\"@type\":\"SearchAction\",\"target\":{\"@type\":\"EntryPoint\",\"urlTemplate\":\"https:\\\/\\\/whalesanddolphins.tethys.org\\\/?s={search_term_string}\"},\"query-input\":{\"@type\":\"PropertyValueSpecification\",\"valueRequired\":true,\"valueName\":\"search_term_string\"}}],\"inLanguage\":\"it-IT\"},{\"@type\":\"Person\",\"@id\":\"https:\\\/\\\/whalesanddolphins.tethys.org\\\/#\\\/schema\\\/person\\\/9dc952d93b1c548ccab7fe5341f95dd9\",\"name\":\"Elena Politi\",\"image\":{\"@type\":\"ImageObject\",\"inLanguage\":\"it-IT\",\"@id\":\"https:\\\/\\\/secure.gravatar.com\\\/avatar\\\/183b8a06af60ca0e119e2b30fd3725ddd59540b9340c0d4cff337a741578e8db?s=96&d=mm&r=g\",\"url\":\"https:\\\/\\\/secure.gravatar.com\\\/avatar\\\/183b8a06af60ca0e119e2b30fd3725ddd59540b9340c0d4cff337a741578e8db?s=96&d=mm&r=g\",\"contentUrl\":\"https:\\\/\\\/secure.gravatar.com\\\/avatar\\\/183b8a06af60ca0e119e2b30fd3725ddd59540b9340c0d4cff337a741578e8db?s=96&d=mm&r=g\",\"caption\":\"Elena Politi\"}}]}<\/script>\n<!-- \/ Yoast SEO plugin. -->","yoast_head_json":{"title":"Muore straziato il capodoglio \u201cJulio\u201d nello stretto di Gibilterra - Tethys Research Institute","robots":{"index":"index","follow":"follow","max-snippet":"max-snippet:-1","max-image-preview":"max-image-preview:large","max-video-preview":"max-video-preview:-1"},"canonical":"https:\/\/whalesanddolphins.tethys.org\/tragic-death-of-sperm-whale-julio-in-the-strait-of-gibraltar\/","og_locale":"it_IT","og_type":"article","og_title":"Muore straziato il capodoglio \u201cJulio\u201d nello stretto di Gibilterra - Tethys Research Institute","og_url":"https:\/\/whalesanddolphins.tethys.org\/tragic-death-of-sperm-whale-julio-in-the-strait-of-gibraltar\/","og_site_name":"Tethys Research Institute","article_publisher":"https:\/\/www.facebook.com\/TethysResearchInstitute\/","article_published_time":"2024-08-08T15:49:24+00:00","article_modified_time":"2024-08-08T15:54:14+00:00","og_image":[{"width":1030,"height":687,"url":"https:\/\/whalesanddolphins.tethys.org\/wp-content\/uploads\/2024\/08\/Cachalote-4_firmm-1030x687.jpg","type":"image\/jpeg"}],"author":"Elena Politi","twitter_card":"summary_large_image","twitter_creator":"@TethysResearch","twitter_site":"@TethysResearch","twitter_misc":{"Scritto da":"Elena Politi","Tempo di lettura stimato":"20 minuti"},"schema":{"@context":"https:\/\/schema.org","@graph":[{"@type":"Article","@id":"https:\/\/whalesanddolphins.tethys.org\/tragic-death-of-sperm-whale-julio-in-the-strait-of-gibraltar\/#article","isPartOf":{"@id":"https:\/\/whalesanddolphins.tethys.org\/tragic-death-of-sperm-whale-julio-in-the-strait-of-gibraltar\/"},"author":{"name":"Elena Politi","@id":"https:\/\/whalesanddolphins.tethys.org\/#\/schema\/person\/9dc952d93b1c548ccab7fe5341f95dd9"},"headline":"Muore straziato il capodoglio \u201cJulio\u201d nello stretto di Gibilterra","datePublished":"2024-08-08T15:49:24+00:00","dateModified":"2024-08-08T15:54:14+00:00","mainEntityOfPage":{"@id":"https:\/\/whalesanddolphins.tethys.org\/tragic-death-of-sperm-whale-julio-in-the-strait-of-gibraltar\/"},"wordCount":3015,"image":{"@id":"https:\/\/whalesanddolphins.tethys.org\/tragic-death-of-sperm-whale-julio-in-the-strait-of-gibraltar\/#primaryimage"},"thumbnailUrl":"https:\/\/whalesanddolphins.tethys.org\/wp-content\/uploads\/2024\/08\/Cachalote-4_firmm-scaled.jpg","articleSection":["Conservazione"],"inLanguage":"it-IT"},{"@type":"WebPage","@id":"https:\/\/whalesanddolphins.tethys.org\/tragic-death-of-sperm-whale-julio-in-the-strait-of-gibraltar\/","url":"https:\/\/whalesanddolphins.tethys.org\/tragic-death-of-sperm-whale-julio-in-the-strait-of-gibraltar\/","name":"Muore straziato il capodoglio \u201cJulio\u201d nello stretto di Gibilterra - Tethys Research Institute","isPartOf":{"@id":"https:\/\/whalesanddolphins.tethys.org\/#website"},"primaryImageOfPage":{"@id":"https:\/\/whalesanddolphins.tethys.org\/tragic-death-of-sperm-whale-julio-in-the-strait-of-gibraltar\/#primaryimage"},"image":{"@id":"https:\/\/whalesanddolphins.tethys.org\/tragic-death-of-sperm-whale-julio-in-the-strait-of-gibraltar\/#primaryimage"},"thumbnailUrl":"https:\/\/whalesanddolphins.tethys.org\/wp-content\/uploads\/2024\/08\/Cachalote-4_firmm-scaled.jpg","datePublished":"2024-08-08T15:49:24+00:00","dateModified":"2024-08-08T15:54:14+00:00","author":{"@id":"https:\/\/whalesanddolphins.tethys.org\/#\/schema\/person\/9dc952d93b1c548ccab7fe5341f95dd9"},"breadcrumb":{"@id":"https:\/\/whalesanddolphins.tethys.org\/tragic-death-of-sperm-whale-julio-in-the-strait-of-gibraltar\/#breadcrumb"},"inLanguage":"it-IT","potentialAction":[{"@type":"ReadAction","target":["https:\/\/whalesanddolphins.tethys.org\/tragic-death-of-sperm-whale-julio-in-the-strait-of-gibraltar\/"]}]},{"@type":"ImageObject","inLanguage":"it-IT","@id":"https:\/\/whalesanddolphins.tethys.org\/tragic-death-of-sperm-whale-julio-in-the-strait-of-gibraltar\/#primaryimage","url":"https:\/\/whalesanddolphins.tethys.org\/wp-content\/uploads\/2024\/08\/Cachalote-4_firmm-scaled.jpg","contentUrl":"https:\/\/whalesanddolphins.tethys.org\/wp-content\/uploads\/2024\/08\/Cachalote-4_firmm-scaled.jpg","width":2560,"height":1707},{"@type":"BreadcrumbList","@id":"https:\/\/whalesanddolphins.tethys.org\/tragic-death-of-sperm-whale-julio-in-the-strait-of-gibraltar\/#breadcrumb","itemListElement":[{"@type":"ListItem","position":1,"name":"Home","item":"https:\/\/whalesanddolphins.tethys.org\/it\/"},{"@type":"ListItem","position":2,"name":"Muore straziato il capodoglio \u201cJulio\u201d nello stretto di Gibilterra"}]},{"@type":"WebSite","@id":"https:\/\/whalesanddolphins.tethys.org\/#website","url":"https:\/\/whalesanddolphins.tethys.org\/","name":"Tethys Research Institute","description":"The Tethys portal for participating to a whale and dolphins expedition","potentialAction":[{"@type":"SearchAction","target":{"@type":"EntryPoint","urlTemplate":"https:\/\/whalesanddolphins.tethys.org\/?s={search_term_string}"},"query-input":{"@type":"PropertyValueSpecification","valueRequired":true,"valueName":"search_term_string"}}],"inLanguage":"it-IT"},{"@type":"Person","@id":"https:\/\/whalesanddolphins.tethys.org\/#\/schema\/person\/9dc952d93b1c548ccab7fe5341f95dd9","name":"Elena Politi","image":{"@type":"ImageObject","inLanguage":"it-IT","@id":"https:\/\/secure.gravatar.com\/avatar\/183b8a06af60ca0e119e2b30fd3725ddd59540b9340c0d4cff337a741578e8db?s=96&d=mm&r=g","url":"https:\/\/secure.gravatar.com\/avatar\/183b8a06af60ca0e119e2b30fd3725ddd59540b9340c0d4cff337a741578e8db?s=96&d=mm&r=g","contentUrl":"https:\/\/secure.gravatar.com\/avatar\/183b8a06af60ca0e119e2b30fd3725ddd59540b9340c0d4cff337a741578e8db?s=96&d=mm&r=g","caption":"Elena Politi"}}]}},"_links":{"self":[{"href":"https:\/\/whalesanddolphins.tethys.org\/it\/wp-json\/wp\/v2\/posts\/29206","targetHints":{"allow":["GET"]}}],"collection":[{"href":"https:\/\/whalesanddolphins.tethys.org\/it\/wp-json\/wp\/v2\/posts"}],"about":[{"href":"https:\/\/whalesanddolphins.tethys.org\/it\/wp-json\/wp\/v2\/types\/post"}],"author":[{"embeddable":true,"href":"https:\/\/whalesanddolphins.tethys.org\/it\/wp-json\/wp\/v2\/users\/5"}],"replies":[{"embeddable":true,"href":"https:\/\/whalesanddolphins.tethys.org\/it\/wp-json\/wp\/v2\/comments?post=29206"}],"version-history":[{"count":0,"href":"https:\/\/whalesanddolphins.tethys.org\/it\/wp-json\/wp\/v2\/posts\/29206\/revisions"}],"wp:featuredmedia":[{"embeddable":true,"href":"https:\/\/whalesanddolphins.tethys.org\/it\/wp-json\/wp\/v2\/media\/29202"}],"wp:attachment":[{"href":"https:\/\/whalesanddolphins.tethys.org\/it\/wp-json\/wp\/v2\/media?parent=29206"}],"wp:term":[{"taxonomy":"category","embeddable":true,"href":"https:\/\/whalesanddolphins.tethys.org\/it\/wp-json\/wp\/v2\/categories?post=29206"},{"taxonomy":"post_tag","embeddable":true,"href":"https:\/\/whalesanddolphins.tethys.org\/it\/wp-json\/wp\/v2\/tags?post=29206"}],"curies":[{"name":"wp","href":"https:\/\/api.w.org\/{rel}","templated":true}]}}